{"id":1628,"date":"2022-11-11T12:24:03","date_gmt":"2022-11-11T15:24:03","guid":{"rendered":"https:\/\/ens9-caba.infd.edu.ar\/sitio\/?p=1628"},"modified":"2022-11-17T17:26:01","modified_gmt":"2022-11-17T20:26:01","slug":"elecciones-para-la-renovacion-total-del-consejo-directivo-del-nivel-terciario","status":"publish","type":"post","link":"https:\/\/ens9-caba.infd.edu.ar\/sitio\/elecciones-para-la-renovacion-total-del-consejo-directivo-del-nivel-terciario\/","title":{"rendered":"Elecciones para la renovaci\u00f3n total del Consejo Directivo del Nivel Terciario"},"content":{"rendered":"\n<p><strong><u>ESTIMADOS DOCENTES, ALUMNOS\/AS Y GRADUADOS: &nbsp;<\/u><\/strong><\/p>\n\n\n\n<p>Se informa que se ha convocado a&nbsp;<strong>elecciones<\/strong>&nbsp;para la&nbsp;renovaci\u00f3n total del Consejo Directivo del Nivel Terciario los&nbsp;d\u00edas&nbsp;<strong>28, 29, 30 de noviembre y 01 y 02 de diciembre de 2022&nbsp; (<\/strong>se adjunta convocatoria y junta electoral)<\/p>\n\n\n\n<p><strong>\u00bfQu\u00e9 es el Consejo Directivo?<\/strong>&nbsp;&nbsp;es el \u00f3rgano de acuerdos y concertaci\u00f3n institucional del nivel terciario y est\u00e1 compuesto por:<\/p>\n\n\n\n<ul><li>Lo preside el\/la Rector\/a&nbsp;<\/li><li>El\/la Regente del Nivel&nbsp;<\/li><li>4 consejeros\/as docentes, con 2 suplentes&nbsp;<\/li><li>4 consejeros\/as estudiantiles, con 2 suplentes&nbsp;<\/li><li>1 consejero graduado con 1 suplente&nbsp;<\/li><\/ul>\n\n\n\n<p><strong>\u00bfC\u00f3mo se elige?&nbsp;&nbsp;<\/strong>Cada claustro vota a sus representantes&nbsp;<\/p>\n\n\n\n<p><strong>\u00bfCu\u00e1nto duran los consejeros\/as?&nbsp;&nbsp;<\/strong>Tienen un mandato de2 (dos) a\u00f1os.&nbsp;<\/p>\n\n\n\n<p>&nbsp;<strong>\u00bfCu\u00e1ndo asume el nuevo consejo?<\/strong>&nbsp;&nbsp;El nuevo CD asume el&nbsp;&nbsp;&nbsp;01\/3\/23.&nbsp;<\/p>\n\n\n\n<p><strong>\u00bfC\u00f3mo s\u00e9 si voto?&nbsp;Debo revisar que este en el padr\u00f3n&nbsp;&nbsp;del&nbsp;<\/strong><strong>28\/10 al 14\/11\/2022&nbsp;<\/strong><strong>en Bedel\u00eda&nbsp;<\/strong><\/p>\n\n\n\n<p><strong><u>EL VOTO ES OBLIGATORIO para: &nbsp;<\/u><\/strong><\/p>\n\n\n\n<p>&nbsp;<strong><u>Se establece que en caso de no votar:&nbsp;<\/u><\/strong><\/p>\n\n\n\n<ul><li>Los docentes titulares e interinos (que hayan ingresado hasta el 2020 inclusive).&nbsp;<\/li><li>Alumnos regulares (salvo los ingresantes 2\u00b0 cuatrimestre 2022)&nbsp;<\/li><li>Graduados inscriptos en el padr\u00f3n.&nbsp;<br><br><em><u><strong>Concurrir con DNI, cedula o Libreta del Estudiante&nbsp;<\/strong><\/u><\/em><\/li><\/ul>\n\n\n\n<ul><li>Los graduados ser\u00e1n eliminados del padr\u00f3n&nbsp;<\/li><li>Los alumnos perder\u00e1n el pr\u00f3ximo llamado de examen&nbsp;<\/li><li>Los docentes recibir\u00e1n una nota de observaci\u00f3n en el legajo personal&nbsp;<\/li><\/ul>\n\n\n\n<div class=\"wp-block-file\"><a href=\"https:\/\/ens9-caba.infd.edu.ar\/sitio\/wp-content\/uploads\/2022\/11\/Disposicion-1-Convocatoria-Elecciones-CD-2022.pdf\">Disposicion-1-Convocatoria-Elecciones-CD-2022<\/a><a href=\"https:\/\/ens9-caba.infd.edu.ar\/sitio\/wp-content\/uploads\/2022\/11\/Disposicion-1-Convocatoria-Elecciones-CD-2022.pdf\" class=\"wp-block-file__button\" download>Descarga<\/a><\/div>\n\n\n\n<div class=\"wp-block-file\"><a href=\"https:\/\/ens9-caba.infd.edu.ar\/sitio\/wp-content\/uploads\/2022\/11\/Res-2-Ofic-listas-Consejeros-VF.pdf\">Resoluci\u00f3n 2 Oficializaci\u00f3n de listas de Consejeros<\/a><a href=\"https:\/\/ens9-caba.infd.edu.ar\/sitio\/wp-content\/uploads\/2022\/11\/Res-2-Ofic-listas-Consejeros-VF.pdf\" class=\"wp-block-file__button\" download>Descarga<\/a><\/div>\n\n\n\n<p><\/p>\n","protected":false},"excerpt":{"rendered":"<p>ESTIMADOS DOCENTES, ALUMNOS\/AS Y GRADUADOS: &nbsp; Se informa que se ha convocado a&nbsp;elecciones&nbsp;para la&nbsp;renovaci\u00f3n total del Consejo Directivo del Nivel Terciario los&nbsp;d\u00edas&nbsp;28, 29, 30 de noviembre y 01 y 02 de diciembre de 2022&nbsp; (se adjunta convocatoria y junta electoral) \u00bfQu\u00e9 es el Consejo Directivo?&nbsp;&nbsp;es el \u00f3rgano de acuerdos y concertaci\u00f3n institucional del nivel terciario &#8230; <a title=\"Elecciones para la renovaci\u00f3n total del Consejo Directivo del Nivel Terciario\" class=\"read-more\" href=\"https:\/\/ens9-caba.infd.edu.ar\/sitio\/elecciones-para-la-renovacion-total-del-consejo-directivo-del-nivel-terciario\/\" aria-label=\"More on Elecciones para la renovaci\u00f3n total del Consejo Directivo del Nivel Terciario\">[+]<\/a><\/p>\n","protected":false},"author":851,"featured_media":0,"comment_status":"open","ping_status":"open","sticky":false,"template":"","format":"standard","meta":[],"categories":[1],"tags":[],"acf":[],"_links":{"self":[{"href":"https:\/\/ens9-caba.infd.edu.ar\/sitio\/wp-json\/wp\/v2\/posts\/1628"}],"collection":[{"href":"https:\/\/ens9-caba.infd.edu.ar\/sitio\/wp-json\/wp\/v2\/posts"}],"about":[{"href":"https:\/\/ens9-caba.infd.edu.ar\/sitio\/wp-json\/wp\/v2\/types\/post"}],"author":[{"embeddable":true,"href":"https:\/\/ens9-caba.infd.edu.ar\/sitio\/wp-json\/wp\/v2\/users\/851"}],"replies":[{"embeddable":true,"href":"https:\/\/ens9-caba.infd.edu.ar\/sitio\/wp-json\/wp\/v2\/comments?post=1628"}],"version-history":[{"count":5,"href":"https:\/\/ens9-caba.infd.edu.ar\/sitio\/wp-json\/wp\/v2\/posts\/1628\/revisions"}],"predecessor-version":[{"id":1648,"href":"https:\/\/ens9-caba.infd.edu.ar\/sitio\/wp-json\/wp\/v2\/posts\/1628\/revisions\/1648"}],"wp:attachment":[{"href":"https:\/\/ens9-caba.infd.edu.ar\/sitio\/wp-json\/wp\/v2\/media?parent=1628"}],"wp:term":[{"taxonomy":"category","embeddable":true,"href":"https:\/\/ens9-caba.infd.edu.ar\/sitio\/wp-json\/wp\/v2\/categories?post=1628"},{"taxonomy":"post_tag","embeddable":true,"href":"https:\/\/ens9-caba.infd.edu.ar\/sitio\/wp-json\/wp\/v2\/tags?post=1628"}],"curies":[{"name":"wp","href":"https:\/\/api.w.org\/{rel}","templated":true}]}}