{"id":1758,"date":"2023-06-02T15:51:16","date_gmt":"2023-06-02T18:51:16","guid":{"rendered":"https:\/\/ens9-caba.infd.edu.ar\/sitio\/?p=1758"},"modified":"2023-08-01T17:22:40","modified_gmt":"2023-08-01T20:22:40","slug":"elecciones-rector-a-suplente-de-la-e-n-s-n-9","status":"publish","type":"post","link":"https:\/\/ens9-caba.infd.edu.ar\/sitio\/elecciones-rector-a-suplente-de-la-e-n-s-n-9\/","title":{"rendered":"<strong>ELECCIONES RECTOR\/A \u00a0SUPLENTE de la \u00a0E. N. S. N\u00b0 9<\/strong>"},"content":{"rendered":"\n<hr class=\"wp-block-separator has-alpha-channel-opacity\"\/>\n\n\n\n<h2 class=\"has-text-align-center wp-block-heading\"><strong><u>Elecciones\u00a016, 17, 18 y 22 de agosto de 2023<\/u><\/strong><\/h2>\n\n\n\n<p class=\"has-text-align-center\"><strong><u>10 a 12hs y 15:30 a 17:30hs.<\/u><\/strong><\/p>\n\n\n\n<p><strong><u>ESTIMADA COMUNIDAD EDUCATIVA:<\/u><\/strong><\/p>\n\n\n\n<p>&nbsp;&nbsp;&nbsp;&nbsp;&nbsp;&nbsp;Como Uds. saben, la Rectora Prof. Gabriela Resnik se encuentra en uso de licencia, por lo cual nuestro Reglamento Org\u00e1nico establece que se debe cubrir el cargo por el periodo restante de dicha licencia.<\/p>\n\n\n\n<p><strong>\u00bfCu\u00e1les son los requisitos?<\/strong><\/p>\n\n\n\n<p>a)&nbsp;&nbsp;&nbsp;&nbsp;&nbsp;Profesor titular\/interino del Nivel Terciario la Escuela Normal Superior N\u00bb 9 \u00abDomingo F. Sarmiento\u00bb<\/p>\n\n\n\n<p>b)&nbsp;&nbsp;&nbsp;&nbsp;Profesor\/a titulares de Nivel Terciario de las Escuelas Normales Superiores de gesti\u00f3n estatal del GCABA.<\/p>\n\n\n\n<p>c)&nbsp;&nbsp;&nbsp;&nbsp;&nbsp;Acreditar doce (12) a\u00f1os de ejercicio en la docencia, siete (7) de los cuales deber\u00e1n ser en el \u00e1mbito de la educaci\u00f3n de formaci\u00f3n docente terciaria, gesti\u00f3n estatal y al menos los cinco (5) \u00faltimos en el nivel terciario de la instituci\u00f3n que se postula. Asimismo, ser\u00e1 requisito acreditar tres (3) a\u00f1os de antig\u00fcedad en uno de los de los niveles del sistema. (Art 9\u00b0 ROI ENS9)<\/p>\n\n\n\n<p><strong>\u00bfC\u00f3mo s\u00e9 si estoy en el padr\u00f3n para poder votar?<\/strong><\/p>\n\n\n\n<p>En la direcci\u00f3n de cada nivel estar\u00e1n los padrones que ser\u00e1n utilizados, a fin que cada votante corrobore que se encuentre incluido o se necesite una rectificaci\u00f3n de datos. NO SE PUEDE VOTAR si NO FIGURA EN EL PADR\u00d3N.<\/p>\n\n\n\n<p><strong>\u00bfPara qui\u00e9n es el voto es obligatorio?<\/strong><\/p>\n\n\n\n<p>\u00b7&nbsp;&nbsp;&nbsp;&nbsp;&nbsp;&nbsp;&nbsp;&nbsp;&nbsp;Los docentes de Nivel Inicial, Primaria, Media y Terciario titulares y aquellos interinos con un m\u00ednimo de 2 (dos) a\u00f1os de antig\u00fcedad.<\/p>\n\n\n\n<p>\u00b7&nbsp;&nbsp;&nbsp;&nbsp;&nbsp;&nbsp;&nbsp;&nbsp;&nbsp;Alumnos regulares de&nbsp;Nivel Terciario (salvo alumnos volantes e ingresantes 2\u00b0 cuatrimestre 2023)<\/p>\n\n\n\n<p>\u00b7&nbsp;&nbsp;&nbsp;&nbsp;&nbsp;&nbsp;&nbsp;&nbsp;&nbsp;Graduados del Nivel Terciario inscriptos en el padr\u00f3n.<\/p>\n\n\n\n<p><strong>\u00bfC\u00f3mo se vota?<\/strong><\/p>\n\n\n\n<p>En la mesa de votaci\u00f3n<\/p>\n\n\n\n<p>a)&nbsp;&nbsp;&nbsp;&nbsp;&nbsp;&nbsp;La autoridad de mesa debe&nbsp;<strong>corroborar la identidad<\/strong>&nbsp;del votante con DNI o Libreta del Estudiante (sin excepci\u00f3n), y&nbsp;<strong>cotejarlo que se encuentre<\/strong>&nbsp;en el padr\u00f3n, Una vez cumplido este paso, podr\u00e1&nbsp;acceder al cuarto oscuro con el sobre correspondiente<\/p>\n\n\n\n<p><strong>b)&nbsp;&nbsp;&nbsp;&nbsp;<\/strong>El voto se deposita en la urna que corresponda.&nbsp;<strong>HAY&nbsp;4 URNAS:&nbsp;<\/strong><\/p>\n\n\n\n<p>&nbsp;&nbsp;&nbsp;&nbsp;&nbsp;&nbsp;&nbsp;&nbsp;&nbsp;&nbsp;&nbsp;&nbsp;&nbsp;&nbsp;&nbsp;&nbsp;a) de docentes del terciario.<\/p>\n\n\n\n<p>&nbsp;&nbsp;&nbsp;&nbsp;&nbsp;&nbsp;&nbsp;&nbsp;&nbsp;&nbsp;&nbsp;&nbsp;&nbsp;&nbsp;&nbsp;&nbsp;b) de alumnos del terciario.&nbsp;<\/p>\n\n\n\n<p>&nbsp;&nbsp;&nbsp;&nbsp;&nbsp;&nbsp;&nbsp;&nbsp;&nbsp;&nbsp;&nbsp;&nbsp;&nbsp;&nbsp;&nbsp;&nbsp;c) de graduados del terciario&nbsp;<\/p>\n\n\n\n<p>&nbsp;&nbsp;&nbsp;&nbsp;&nbsp;&nbsp;&nbsp;&nbsp;&nbsp;&nbsp;&nbsp;&nbsp;&nbsp;&nbsp;&nbsp;&nbsp;d) para los docentes del resto de los niveles (inicial, primaria y media).&nbsp;<\/p>\n\n\n\n<p>&nbsp;&nbsp;&nbsp;&nbsp;&nbsp;&nbsp;&nbsp;c) Luego de depositar el voto en la urna&nbsp;<strong><u>deber\u00e1 firmar el padr\u00f3n<\/u><\/strong>&nbsp;y recibir\u00e1 una constancia de voto<\/p>\n\n\n\n<p><strong>Cronograma Electoral<\/strong><\/p>\n\n\n\n<p>1.&nbsp;&nbsp;&nbsp;&nbsp;&nbsp;Convocatoria y constituci\u00f3n de la Junta Electoral: 24\/04\/2023 ya cumplido<\/p>\n\n\n\n<p>2.&nbsp;&nbsp;&nbsp;&nbsp;&nbsp;Consulta e impugnaci\u00f3n de padrones: hasta el 01 al 07\/08 de 14:00 a 18:00 hs.<\/p>\n\n\n\n<p>3.&nbsp;&nbsp;&nbsp;&nbsp;&nbsp;&nbsp;Resoluci\u00f3n de impugnaciones y oficializaci\u00f3n de padrones: 07\/08\/2023 a 18:30 hs.<\/p>\n\n\n\n<p>4.&nbsp;&nbsp;&nbsp;&nbsp;&nbsp;&nbsp;Presentaci\u00f3n de los postulantes: 01 al 08\/08 de 14:00 a 18:00 hs en la Bedel\u00eda de Nivel Terciario<\/p>\n\n\n\n<p>5.&nbsp;&nbsp;&nbsp;&nbsp;&nbsp;&nbsp;Oficializaci\u00f3n y publicaci\u00f3n de los postulantes: 08\/08\/2023 18:30<\/p>\n\n\n\n<p>6.&nbsp;&nbsp;&nbsp;&nbsp;&nbsp;&nbsp;Impugnaci\u00f3n de las postulaciones: 09\/08\/2023 14:00 a 18:00 hs.<\/p>\n\n\n\n<p>7.&nbsp;&nbsp;&nbsp;&nbsp;&nbsp;&nbsp;Resoluci\u00f3n de impugnaciones: 09\/08\/2023 18:30 hs.<\/p>\n\n\n\n<p>8.&nbsp;&nbsp;&nbsp;&nbsp;&nbsp;&nbsp;Presentaci\u00f3n de los proyectos 10 al 14\/08\/2023 en turno ma\u00f1ana y tarde.<\/p>\n\n\n\n<p>9.&nbsp;&nbsp;&nbsp;&nbsp;&nbsp;&nbsp;Veda electoral a partir del: 15\/08\/2023.<\/p>\n\n\n\n<p>10.&nbsp;&nbsp;&nbsp;&nbsp;<strong>Elecciones 16, 17, 18 y 22 de agosto de 2023 de 10 a 12hs y15:30 a 17:30hs.<\/strong><\/p>\n\n\n\n<p>11.&nbsp;&nbsp;&nbsp;&nbsp;Escrutinio 22\/08\/2023 a 17:40 hs.<\/p>\n\n\n\n<p>12.&nbsp;&nbsp;&nbsp;&nbsp;Asunci\u00f3n del Rector\/a Suplente&nbsp;electo\/a: 23\/08\/2023<\/p>\n\n\n\n<figure class=\"wp-block-image\"><img decoding=\"async\" src=\"https:\/\/ssl.gstatic.com\/ui\/v1\/icons\/mail\/images\/cleardot.gif\" alt=\"\"\/><\/figure>\n\n\n\n<p><\/p>\n\n\n\n<p><\/p>\n","protected":false},"excerpt":{"rendered":"<p>Elecciones\u00a016, 17, 18 y 22 de agosto de 2023 10 a 12hs y 15:30 a 17:30hs. ESTIMADA COMUNIDAD EDUCATIVA: &nbsp;&nbsp;&nbsp;&nbsp;&nbsp;&nbsp;Como Uds. saben, la Rectora Prof. Gabriela Resnik se encuentra en uso de licencia, por lo cual nuestro Reglamento Org\u00e1nico establece que se debe cubrir el cargo por el periodo restante de dicha licencia. \u00bfCu\u00e1les son &#8230; <a title=\"ELECCIONES RECTOR\/A \u00a0SUPLENTE de la \u00a0E. N. S. N\u00b0 9\" class=\"read-more\" href=\"https:\/\/ens9-caba.infd.edu.ar\/sitio\/elecciones-rector-a-suplente-de-la-e-n-s-n-9\/\" aria-label=\"More on ELECCIONES RECTOR\/A \u00a0SUPLENTE de la \u00a0E. N. S. N\u00b0 9\">[+]<\/a><\/p>\n","protected":false},"author":1836,"featured_media":0,"comment_status":"open","ping_status":"open","sticky":true,"template":"","format":"standard","meta":[],"categories":[1],"tags":[],"acf":[],"_links":{"self":[{"href":"https:\/\/ens9-caba.infd.edu.ar\/sitio\/wp-json\/wp\/v2\/posts\/1758"}],"collection":[{"href":"https:\/\/ens9-caba.infd.edu.ar\/sitio\/wp-json\/wp\/v2\/posts"}],"about":[{"href":"https:\/\/ens9-caba.infd.edu.ar\/sitio\/wp-json\/wp\/v2\/types\/post"}],"author":[{"embeddable":true,"href":"https:\/\/ens9-caba.infd.edu.ar\/sitio\/wp-json\/wp\/v2\/users\/1836"}],"replies":[{"embeddable":true,"href":"https:\/\/ens9-caba.infd.edu.ar\/sitio\/wp-json\/wp\/v2\/comments?post=1758"}],"version-history":[{"count":4,"href":"https:\/\/ens9-caba.infd.edu.ar\/sitio\/wp-json\/wp\/v2\/posts\/1758\/revisions"}],"predecessor-version":[{"id":1788,"href":"https:\/\/ens9-caba.infd.edu.ar\/sitio\/wp-json\/wp\/v2\/posts\/1758\/revisions\/1788"}],"wp:attachment":[{"href":"https:\/\/ens9-caba.infd.edu.ar\/sitio\/wp-json\/wp\/v2\/media?parent=1758"}],"wp:term":[{"taxonomy":"category","embeddable":true,"href":"https:\/\/ens9-caba.infd.edu.ar\/sitio\/wp-json\/wp\/v2\/categories?post=1758"},{"taxonomy":"post_tag","embeddable":true,"href":"https:\/\/ens9-caba.infd.edu.ar\/sitio\/wp-json\/wp\/v2\/tags?post=1758"}],"curies":[{"name":"wp","href":"https:\/\/api.w.org\/{rel}","templated":true}]}}