{"id":1975,"date":"2025-05-09T16:33:08","date_gmt":"2025-05-09T19:33:08","guid":{"rendered":"https:\/\/ens9-caba.infd.edu.ar\/sitio\/?p=1975"},"modified":"2025-05-09T16:33:10","modified_gmt":"2025-05-09T19:33:10","slug":"oficializacion-de-la-lista-para-rectorado","status":"publish","type":"post","link":"https:\/\/ens9-caba.infd.edu.ar\/sitio\/oficializacion-de-la-lista-para-rectorado\/","title":{"rendered":"Oficializaci\u00f3n de la lista para Rectorado"},"content":{"rendered":"\n<p class=\"has-text-align-center has-contrast-color has-base-background-color has-text-color has-background has-large-font-size\">Elecciones 02, 03, 04, 05 y 06 de junio de 2025.<\/p>\n\n\n\n<p style=\"font-style:italic;font-weight:800\">ESTIMADA COMUNIDAD EDUCATIVA:<\/p>\n\n\n\n<p>Como Uds. saben el pr\u00f3ximo 06 de junio culmina su mandato la Sra. Rectora Prof. Ana Carolina<br>FERREYRA (suplente de Resnik Gabriela) y el Sra. Vicerrectora Prof. Julieta KIRCZYK, por lo cual se<br>ha convocado a elecciones de Rectorado para los pr\u00f3ximos 4 a\u00f1os (2025-2029).<br>Finalizado el periodo de presentaci\u00f3n de candidatos\/as, la Junta Electoral informa que ha procedido en la oficializaci\u00f3n de la siguiente lista:<\/p>\n\n\n\n<p style=\"font-style:normal;font-weight:500;text-decoration:underline\">Lista 9 \u201cConstruir en unidad\u201d formula.<\/p>\n\n\n\n<p class=\"has-base-background-color has-background\" style=\"font-style:normal;font-weight:800\">Prof. Mar\u00eda Gabriela MEFANO, candidata Rectora<br>Prof. Julieta KIRCZYK candidata a Vicerrectora<\/p>\n\n\n\n<p class=\"has-text-align-center has-base-2-background-color has-background\" style=\"font-style:normal;font-weight:700;text-decoration:underline\">\u00bfC\u00f3mo se eligen se eligen al Rector\/a y Vicerrectora?<\/p>\n\n\n\n<p>Son elegido\/as por voto directo ponderado de los diferentes sectores de la comunidad a saber:<\/p>\n\n\n\n<p>\uf0b7 Docentes del Nivel Terciario<br>\uf0b7 Docentes del Departamento de Aplicaci\u00f3n (Nivel Inicial, Primario y<br>Medio)<br>\uf0b7 Alumnos del Nivel Terciario<br>\uf0b7 Graduados del Nivel Terciario<\/p>\n\n\n\n<p class=\"has-text-align-center has-base-2-background-color has-background\" style=\"font-style:normal;font-weight:600;text-decoration:underline\">\u00bfQu\u00e9 es el voto ponderado?<\/p>\n\n\n\n<p>Cada uno de esos sectores se ven representados por un porcentaje sobre el total de votos (100%), que le es<br>asignada por Reglamento Org\u00e1nico, los cuales son:<br>\uf0b7 Docentes Nivel Terciario 33%<br>\uf0b7 Alumnos del Nivel Terciario 30%<br>\uf0b7 Graduados del Nivel Terciario 4%<br>\uf0b7 Docentes del Departamento de Aplicaci\u00f3n 33%<\/p>\n\n\n\n<p class=\"has-base-background-color has-background\">EL VOTO ES OBLIGATORIO para:<br>\uf0b7 Los docentes titulares e interinos con 2 a\u00f1os de antig\u00fcedad de todos los niveles.<br>\uf0b7 Alumnos regulares de Nivel Terciario (salvo volantes e ingresantes 1\u00b0 cuatrimestre 2025)<br>\uf0b7 Graduados del Nivel Terciario inscriptos en el padr\u00f3n.<\/p>\n","protected":false},"excerpt":{"rendered":"<p>Elecciones 02, 03, 04, 05 y 06 de junio de 2025. ESTIMADA COMUNIDAD EDUCATIVA: Como Uds. saben el pr\u00f3ximo 06 de junio culmina su mandato la Sra. Rectora Prof. Ana CarolinaFERREYRA (suplente de Resnik Gabriela) y el Sra. Vicerrectora Prof. Julieta KIRCZYK, por lo cual seha convocado a elecciones de Rectorado para los pr\u00f3ximos 4 &#8230; <a title=\"Oficializaci\u00f3n de la lista para Rectorado\" class=\"read-more\" href=\"https:\/\/ens9-caba.infd.edu.ar\/sitio\/oficializacion-de-la-lista-para-rectorado\/\" aria-label=\"More on Oficializaci\u00f3n de la lista para Rectorado\">[+]<\/a><\/p>\n","protected":false},"author":1836,"featured_media":0,"comment_status":"open","ping_status":"open","sticky":true,"template":"","format":"standard","meta":[],"categories":[1],"tags":[],"acf":[],"_links":{"self":[{"href":"https:\/\/ens9-caba.infd.edu.ar\/sitio\/wp-json\/wp\/v2\/posts\/1975"}],"collection":[{"href":"https:\/\/ens9-caba.infd.edu.ar\/sitio\/wp-json\/wp\/v2\/posts"}],"about":[{"href":"https:\/\/ens9-caba.infd.edu.ar\/sitio\/wp-json\/wp\/v2\/types\/post"}],"author":[{"embeddable":true,"href":"https:\/\/ens9-caba.infd.edu.ar\/sitio\/wp-json\/wp\/v2\/users\/1836"}],"replies":[{"embeddable":true,"href":"https:\/\/ens9-caba.infd.edu.ar\/sitio\/wp-json\/wp\/v2\/comments?post=1975"}],"version-history":[{"count":1,"href":"https:\/\/ens9-caba.infd.edu.ar\/sitio\/wp-json\/wp\/v2\/posts\/1975\/revisions"}],"predecessor-version":[{"id":1976,"href":"https:\/\/ens9-caba.infd.edu.ar\/sitio\/wp-json\/wp\/v2\/posts\/1975\/revisions\/1976"}],"wp:attachment":[{"href":"https:\/\/ens9-caba.infd.edu.ar\/sitio\/wp-json\/wp\/v2\/media?parent=1975"}],"wp:term":[{"taxonomy":"category","embeddable":true,"href":"https:\/\/ens9-caba.infd.edu.ar\/sitio\/wp-json\/wp\/v2\/categories?post=1975"},{"taxonomy":"post_tag","embeddable":true,"href":"https:\/\/ens9-caba.infd.edu.ar\/sitio\/wp-json\/wp\/v2\/tags?post=1975"}],"curies":[{"name":"wp","href":"https:\/\/api.w.org\/{rel}","templated":true}]}}